{"id":2303,"date":"2017-08-18T21:19:34","date_gmt":"2017-08-19T01:19:34","guid":{"rendered":"https:\/\/moondoghosting.com\/bienestar\/?p=2303"},"modified":"2018-06-04T16:48:49","modified_gmt":"2018-06-04T20:48:49","slug":"trabajo-de-constelaciones-familiares-y-sistemicas","status":"publish","type":"post","link":"https:\/\/bienestarintegrado.com\/en\/trabajo-de-constelaciones-familiares-y-sistemicas\/","title":{"rendered":"In Spanish only"},"content":{"rendered":"<div id=\"pl-2303\"  class=\"panel-layout\" ><div id=\"pg-2303-0\"  class=\"panel-grid panel-no-style\" ><div id=\"pgc-2303-0-0\"  class=\"panel-grid-cell\" ><div id=\"panel-2303-0-0-0\" class=\"so-panel widget widget_sow-editor panel-first-child panel-last-child\" data-index=\"0\" ><div\n\t\t\t\n\t\t\tclass=\"so-widget-sow-editor so-widget-sow-editor-base\"\n\t\t\t\n\t\t>\n<div class=\"siteorigin-widget-tinymce textwidget\">\n\t<div class=\"row\"> <div class=\"col-md-4  \"><\/p>\n<p><img loading=\"lazy\" decoding=\"async\" class=\"alignleft wp-image-2307 size-large\" src=\"https:\/\/bienestarintegrado.com\/wp-content\/uploads\/2017\/08\/family-1721674_1920-1024x768.jpg\" alt=\"\" width=\"1024\" height=\"768\" srcset=\"https:\/\/bienestarintegrado.com\/wp-content\/uploads\/2017\/08\/family-1721674_1920-1024x768.jpg 1024w, https:\/\/bienestarintegrado.com\/wp-content\/uploads\/2017\/08\/family-1721674_1920-300x225.jpg 300w, https:\/\/bienestarintegrado.com\/wp-content\/uploads\/2017\/08\/family-1721674_1920-600x450.jpg 600w, https:\/\/bienestarintegrado.com\/wp-content\/uploads\/2017\/08\/family-1721674_1920-180x135.jpg 180w, https:\/\/bienestarintegrado.com\/wp-content\/uploads\/2017\/08\/family-1721674_1920-740x556.jpg 740w, https:\/\/bienestarintegrado.com\/wp-content\/uploads\/2017\/08\/family-1721674_1920-370x278.jpg 370w, https:\/\/bienestarintegrado.com\/wp-content\/uploads\/2017\/08\/family-1721674_1920.jpg 1920w\" sizes=\"auto, (max-width: 1024px) 100vw, 1024px\" \/><\/p>\n<p><\/div><div class=\"col-md-8  \"><\/p>\n<p>El trabajo de constelaciones nace dentro de un \u201ccampo de informaci\u00f3n\u201d, el cual es un\u00a0<strong>campo sabio<\/strong>\u00a0que\u00a0<strong>tiene memoria, no tiene fronteras de tiempo ni espacio<\/strong>, s\u00f3lo existe el ahora, no existe bueno o malo, solo existe lo que es. En este trabajo se revelan problemas escondidos y esta resoluci\u00f3n sale de este campo sabio.<\/p>\n<p>A trav\u00e9s de un ejercicio de constelaci\u00f3n se busca\u00a0<strong>revelar din\u00e1micas ocultas<\/strong>, revelar lo que no fluye y ponerle orden para que fluya la energ\u00eda que llamamos AMOR. Las Constelaciones Familiares abren camino a la soluci\u00f3n de conflictos, nos lleva a mirar al interior de nuestras relaciones. El prop\u00f3sito del trabajo es provocar un\u00a0<strong>movimiento de sanaci\u00f3n<\/strong>.<\/p>\n<p>El trabajo de Constelaciones Familiares puede beneficiar:<\/p>\n<ul>\n<li>A personas que tienen dificultades en sus relaciones familiares, que se manifiestan en problemas emocionales, mentales o corporales.<\/li>\n<li>A personas que tienen problemas de pareja, convivencia o separaciones conflictivas, casos de adopci\u00f3n, abuso sexual, abortos.<\/li>\n<li>A aquellos que padezcan enfermedades graves, que tengan cualquier tipo de adicci\u00f3n y\/o trastornos de la alimentaci\u00f3n (bulimia, anorexia, obesidad).<\/li>\n<li>A personas que hayan sufrido repetidas experiencias de infortunio (duelos, muertes tr\u00e1gicas, suicidios, guerras) o deseen enfrentar hechos irremediables de su historia.<\/li>\n<li>A personas que tienen problemas vinculados con inmigraci\u00f3n \/emigraci\u00f3n.<\/li>\n<li>A padres, educadores y psic\u00f3logos que tratan ayudar a los hijos con problemas de conducta, aprendizaje y desarrollo personal.<\/li>\n<li>A Consultoras de Empresas. Para problemas de liderazgo, lealtad, estructuraci\u00f3n de responsabilidades, cohesi\u00f3n en los equipos de trabajo.<\/li>\n<\/ul>\n<p>Si sientes que algo de esto resuena contigo, saca una cita para realizar una constelaci\u00f3n individual o grupal, ver\u00e1s lo poderoso que es este trabajo.<\/p>\n<p><\/div><\/div>\n<\/div>\n<\/div><\/div><\/div><\/div><\/div>","protected":false},"excerpt":{"rendered":"<p>El trabajo de constelaciones nace dentro de un \u201ccampo de informaci\u00f3n\u201d, el cual es un\u00a0campo sabio\u00a0que\u00a0tiene memoria, no tiene fronteras de tiempo ni espacio, s\u00f3lo existe el ahora, no existe bueno o malo, solo existe lo que es. En este trabajo se revelan problemas escondidos y esta resoluci\u00f3n &hellip; <a href=\"https:\/\/bienestarintegrado.com\/en\/trabajo-de-constelaciones-familiares-y-sistemicas\/\">Read more<\/a><\/p>\n","protected":false},"author":2,"featured_media":2307,"comment_status":"closed","ping_status":"closed","sticky":false,"template":"","format":"standard","meta":{"kt_blocks_editor_width":"","footnotes":""},"categories":[16,273,15],"tags":[182,179,180,181],"class_list":["post-2303","post","type-post","status-publish","format-standard","has-post-thumbnail","hentry","category-bienestar","category-blog","category-salud","tag-asanas","tag-constelaciones-familiares","tag-sistemicas","tag-yesenia-rodriguez"],"yoast_head":"<!-- This site is optimized with the Yoast SEO plugin v27.3 - https:\/\/yoast.com\/product\/yoast-seo-wordpress\/ -->\n<title>In Spanish only | Bienestar Integrado<\/title>\n<meta name=\"robots\" content=\"index, follow, max-snippet:-1, max-image-preview:large, max-video-preview:-1\" \/>\n<link rel=\"canonical\" href=\"https:\/\/bienestarintegrado.com\/en\/trabajo-de-constelaciones-familiares-y-sistemicas\/\" \/>\n<meta property=\"og:locale\" content=\"en_US\" \/>\n<meta property=\"og:type\" content=\"article\" \/>\n<meta property=\"og:title\" content=\"In Spanish only | Bienestar Integrado\" \/>\n<meta property=\"og:description\" content=\"El trabajo de constelaciones nace dentro de un \u201ccampo de informaci\u00f3n\u201d, el cual es un\u00a0campo sabio\u00a0que\u00a0tiene memoria, no tiene fronteras de tiempo ni espacio, s\u00f3lo existe el ahora, no existe bueno o malo, solo existe lo que es. En este trabajo se revelan problemas escondidos y esta resoluci\u00f3n &hellip; Read more\" \/>\n<meta property=\"og:url\" content=\"https:\/\/bienestarintegrado.com\/en\/trabajo-de-constelaciones-familiares-y-sistemicas\/\" \/>\n<meta property=\"og:site_name\" content=\"Bienestar Integrado\" \/>\n<meta property=\"article:publisher\" content=\"https:\/\/www.facebook.com\/BienestarIntegradoPR\/\" \/>\n<meta property=\"article:author\" content=\"https:\/\/www.facebook.com\/TereHealthCoach\/\" \/>\n<meta property=\"article:published_time\" content=\"2017-08-19T01:19:34+00:00\" \/>\n<meta property=\"article:modified_time\" content=\"2018-06-04T20:48:49+00:00\" \/>\n<meta property=\"og:image\" content=\"https:\/\/bienestarintegrado.com\/wp-content\/uploads\/2017\/08\/family-1721674_1920.jpg\" \/>\n\t<meta property=\"og:image:width\" content=\"1920\" \/>\n\t<meta property=\"og:image:height\" content=\"1440\" \/>\n\t<meta property=\"og:image:type\" content=\"image\/jpeg\" \/>\n<meta name=\"author\" content=\"Tere Beard\" \/>\n<meta name=\"twitter:card\" content=\"summary_large_image\" \/>\n<meta name=\"twitter:label1\" content=\"Written by\" \/>\n\t<meta name=\"twitter:data1\" content=\"Tere Beard\" \/>\n\t<meta name=\"twitter:label2\" content=\"Est. reading time\" \/>\n\t<meta name=\"twitter:data2\" content=\"1 minute\" \/>\n<script type=\"application\/ld+json\" class=\"yoast-schema-graph\">{\"@context\":\"https:\\\/\\\/schema.org\",\"@graph\":[{\"@type\":\"Article\",\"@id\":\"https:\\\/\\\/bienestarintegrado.com\\\/trabajo-de-constelaciones-familiares-y-sistemicas\\\/#article\",\"isPartOf\":{\"@id\":\"https:\\\/\\\/bienestarintegrado.com\\\/trabajo-de-constelaciones-familiares-y-sistemicas\\\/\"},\"author\":{\"name\":\"Tere Beard\",\"@id\":\"https:\\\/\\\/bienestarintegrado.com\\\/#\\\/schema\\\/person\\\/0b8fd773030db4bebadee2b4def8a6e9\"},\"headline\":\"In Spanish only\",\"datePublished\":\"2017-08-19T01:19:34+00:00\",\"dateModified\":\"2018-06-04T20:48:49+00:00\",\"mainEntityOfPage\":{\"@id\":\"https:\\\/\\\/bienestarintegrado.com\\\/trabajo-de-constelaciones-familiares-y-sistemicas\\\/\"},\"wordCount\":302,\"publisher\":{\"@id\":\"https:\\\/\\\/bienestarintegrado.com\\\/#organization\"},\"image\":{\"@id\":\"https:\\\/\\\/bienestarintegrado.com\\\/trabajo-de-constelaciones-familiares-y-sistemicas\\\/#primaryimage\"},\"thumbnailUrl\":\"https:\\\/\\\/bienestarintegrado.com\\\/wp-content\\\/uploads\\\/2017\\\/08\\\/family-1721674_1920.jpg\",\"keywords\":[\"asanas\",\"constelaciones familiares\",\"sistemicas\",\"Yesenia Rodriguez\"],\"articleSection\":[\"Well Being\",\"Blog\",\"Health\"],\"inLanguage\":\"en-US\"},{\"@type\":\"WebPage\",\"@id\":\"https:\\\/\\\/bienestarintegrado.com\\\/en\\\/trabajo-de-constelaciones-familiares-y-sistemicas\\\/\",\"url\":\"https:\\\/\\\/bienestarintegrado.com\\\/en\\\/trabajo-de-constelaciones-familiares-y-sistemicas\\\/\",\"name\":\"In Spanish only | Bienestar Integrado\",\"isPartOf\":{\"@id\":\"https:\\\/\\\/bienestarintegrado.com\\\/en\\\/#website\"},\"primaryImageOfPage\":{\"@id\":\"https:\\\/\\\/bienestarintegrado.com\\\/en\\\/trabajo-de-constelaciones-familiares-y-sistemicas\\\/#primaryimage\"},\"image\":{\"@id\":\"https:\\\/\\\/bienestarintegrado.com\\\/trabajo-de-constelaciones-familiares-y-sistemicas\\\/#primaryimage\"},\"thumbnailUrl\":\"https:\\\/\\\/bienestarintegrado.com\\\/wp-content\\\/uploads\\\/2017\\\/08\\\/family-1721674_1920.jpg\",\"datePublished\":\"2017-08-19T01:19:34+00:00\",\"dateModified\":\"2018-06-04T20:48:49+00:00\",\"breadcrumb\":{\"@id\":\"https:\\\/\\\/bienestarintegrado.com\\\/en\\\/trabajo-de-constelaciones-familiares-y-sistemicas\\\/#breadcrumb\"},\"inLanguage\":\"en-US\",\"potentialAction\":[{\"@type\":\"ReadAction\",\"target\":[[\"https:\\\/\\\/bienestarintegrado.com\\\/en\\\/trabajo-de-constelaciones-familiares-y-sistemicas\\\/\"]]}]},{\"@type\":\"ImageObject\",\"inLanguage\":\"en-US\",\"@id\":\"https:\\\/\\\/bienestarintegrado.com\\\/en\\\/trabajo-de-constelaciones-familiares-y-sistemicas\\\/#primaryimage\",\"url\":\"https:\\\/\\\/bienestarintegrado.com\\\/wp-content\\\/uploads\\\/2017\\\/08\\\/family-1721674_1920.jpg\",\"contentUrl\":\"https:\\\/\\\/bienestarintegrado.com\\\/wp-content\\\/uploads\\\/2017\\\/08\\\/family-1721674_1920.jpg\",\"width\":1920,\"height\":1440},{\"@type\":\"BreadcrumbList\",\"@id\":\"https:\\\/\\\/bienestarintegrado.com\\\/en\\\/trabajo-de-constelaciones-familiares-y-sistemicas\\\/#breadcrumb\",\"itemListElement\":[{\"@type\":\"ListItem\",\"position\":1,\"name\":\"Home\",\"item\":\"https:\\\/\\\/bienestarintegrado.com\\\/en\\\/\"},{\"@type\":\"ListItem\",\"position\":2,\"name\":\"Trabajo de Constelaciones Familiares y Sist\u00e9micas.\"}]},{\"@type\":\"WebSite\",\"@id\":\"https:\\\/\\\/bienestarintegrado.com\\\/en\\\/#website\",\"url\":\"https:\\\/\\\/bienestarintegrado.com\\\/en\\\/\",\"name\":\"Bienestar Integrado\",\"description\":\"Holitic Solutions for Your Wellbeing\",\"publisher\":{\"@id\":\"https:\\\/\\\/bienestarintegrado.com\\\/en\\\/#organization\"},\"potentialAction\":[{\"@type\":\"SearchAction\",\"target\":{\"@type\":\"EntryPoint\",\"urlTemplate\":\"https:\\\/\\\/bienestarintegrado.com\\\/en\\\/?s={search_term_string}\"},\"query-input\":{\"@type\":\"PropertyValueSpecification\",\"valueRequired\":true,\"valueName\":\"search_term_string\"}}],\"inLanguage\":\"en-US\"},{\"@type\":\"Organization\",\"@id\":\"https:\\\/\\\/bienestarintegrado.com\\\/en\\\/#organization\",\"name\":\"Bienestar Integrado, LLC\",\"url\":\"https:\\\/\\\/bienestarintegrado.com\\\/en\\\/\",\"logo\":{\"@type\":\"ImageObject\",\"inLanguage\":\"en-US\",\"@id\":\"https:\\\/\\\/bienestarintegrado.com\\\/en\\\/#\\\/schema\\\/logo\\\/image\\\/\",\"url\":\"https:\\\/\\\/bienestarintegrado.com\\\/wp-content\\\/uploads\\\/2015\\\/09\\\/logo.png\",\"contentUrl\":\"https:\\\/\\\/bienestarintegrado.com\\\/wp-content\\\/uploads\\\/2015\\\/09\\\/logo.png\",\"width\":718,\"height\":270,\"caption\":\"Bienestar Integrado, LLC\"},\"image\":{\"@id\":\"https:\\\/\\\/bienestarintegrado.com\\\/en\\\/#\\\/schema\\\/logo\\\/image\\\/\"},\"sameAs\":[\"https:\\\/\\\/www.facebook.com\\\/BienestarIntegradoPR\\\/\"]},{\"@type\":\"Person\",\"@id\":\"https:\\\/\\\/bienestarintegrado.com\\\/#\\\/schema\\\/person\\\/0b8fd773030db4bebadee2b4def8a6e9\",\"name\":\"Tere Beard\",\"image\":{\"@type\":\"ImageObject\",\"inLanguage\":\"en-US\",\"@id\":\"https:\\\/\\\/secure.gravatar.com\\\/avatar\\\/246c4ac6fbff7a1e85738ef9c4a42469f8479d255055a51bf12b000cc341c150?s=96&d=mm&r=g\",\"url\":\"https:\\\/\\\/secure.gravatar.com\\\/avatar\\\/246c4ac6fbff7a1e85738ef9c4a42469f8479d255055a51bf12b000cc341c150?s=96&d=mm&r=g\",\"contentUrl\":\"https:\\\/\\\/secure.gravatar.com\\\/avatar\\\/246c4ac6fbff7a1e85738ef9c4a42469f8479d255055a51bf12b000cc341c150?s=96&d=mm&r=g\",\"caption\":\"Tere Beard\"},\"description\":\"See Profile Tere Beard is an Industrial Engineer, a Health Coach graduated\u00a0from the Institute for Integrative Nutrition\u00ae (IIN\u00ae) and a certified Pranic Healer from the Pranic Healing Center. She is the author of \\\"Todo lo malo es bueno\\\" a\u00a0book to guide you into your evolution\",\"sameAs\":[\"http:\\\/\\\/www.terebeard.com\",\"https:\\\/\\\/www.facebook.com\\\/TereHealthCoach\\\/\",\"https:\\\/\\\/www.linkedin.com\\\/in\\\/tere-beard-b15b38b?trk=nav_responsive_tab_profile_pic\"],\"url\":\"https:\\\/\\\/bienestarintegrado.com\\\/en\\\/author\\\/tbeard23\\\/\"}]}<\/script>\n<!-- \/ Yoast SEO plugin. -->","yoast_head_json":{"title":"In Spanish only | Bienestar Integrado","robots":{"index":"index","follow":"follow","max-snippet":"max-snippet:-1","max-image-preview":"max-image-preview:large","max-video-preview":"max-video-preview:-1"},"canonical":"https:\/\/bienestarintegrado.com\/en\/trabajo-de-constelaciones-familiares-y-sistemicas\/","og_locale":"en_US","og_type":"article","og_title":"In Spanish only | Bienestar Integrado","og_description":"El trabajo de constelaciones nace dentro de un \u201ccampo de informaci\u00f3n\u201d, el cual es un\u00a0campo sabio\u00a0que\u00a0tiene memoria, no tiene fronteras de tiempo ni espacio, s\u00f3lo existe el ahora, no existe bueno o malo, solo existe lo que es. En este trabajo se revelan problemas escondidos y esta resoluci\u00f3n &hellip; Read more","og_url":"https:\/\/bienestarintegrado.com\/en\/trabajo-de-constelaciones-familiares-y-sistemicas\/","og_site_name":"Bienestar Integrado","article_publisher":"https:\/\/www.facebook.com\/BienestarIntegradoPR\/","article_author":"https:\/\/www.facebook.com\/TereHealthCoach\/","article_published_time":"2017-08-19T01:19:34+00:00","article_modified_time":"2018-06-04T20:48:49+00:00","og_image":[{"width":1920,"height":1440,"url":"https:\/\/bienestarintegrado.com\/wp-content\/uploads\/2017\/08\/family-1721674_1920.jpg","type":"image\/jpeg"}],"author":"Tere Beard","twitter_card":"summary_large_image","twitter_misc":{"Written by":"Tere Beard","Est. reading time":"1 minute"},"schema":{"@context":"https:\/\/schema.org","@graph":[{"@type":"Article","@id":"https:\/\/bienestarintegrado.com\/trabajo-de-constelaciones-familiares-y-sistemicas\/#article","isPartOf":{"@id":"https:\/\/bienestarintegrado.com\/trabajo-de-constelaciones-familiares-y-sistemicas\/"},"author":{"name":"Tere Beard","@id":"https:\/\/bienestarintegrado.com\/#\/schema\/person\/0b8fd773030db4bebadee2b4def8a6e9"},"headline":"In Spanish only","datePublished":"2017-08-19T01:19:34+00:00","dateModified":"2018-06-04T20:48:49+00:00","mainEntityOfPage":{"@id":"https:\/\/bienestarintegrado.com\/trabajo-de-constelaciones-familiares-y-sistemicas\/"},"wordCount":302,"publisher":{"@id":"https:\/\/bienestarintegrado.com\/#organization"},"image":{"@id":"https:\/\/bienestarintegrado.com\/trabajo-de-constelaciones-familiares-y-sistemicas\/#primaryimage"},"thumbnailUrl":"https:\/\/bienestarintegrado.com\/wp-content\/uploads\/2017\/08\/family-1721674_1920.jpg","keywords":["asanas","constelaciones familiares","sistemicas","Yesenia Rodriguez"],"articleSection":["Well Being","Blog","Health"],"inLanguage":"en-US"},{"@type":"WebPage","@id":"https:\/\/bienestarintegrado.com\/en\/trabajo-de-constelaciones-familiares-y-sistemicas\/","url":"https:\/\/bienestarintegrado.com\/en\/trabajo-de-constelaciones-familiares-y-sistemicas\/","name":"In Spanish only | Bienestar Integrado","isPartOf":{"@id":"https:\/\/bienestarintegrado.com\/en\/#website"},"primaryImageOfPage":{"@id":"https:\/\/bienestarintegrado.com\/en\/trabajo-de-constelaciones-familiares-y-sistemicas\/#primaryimage"},"image":{"@id":"https:\/\/bienestarintegrado.com\/trabajo-de-constelaciones-familiares-y-sistemicas\/#primaryimage"},"thumbnailUrl":"https:\/\/bienestarintegrado.com\/wp-content\/uploads\/2017\/08\/family-1721674_1920.jpg","datePublished":"2017-08-19T01:19:34+00:00","dateModified":"2018-06-04T20:48:49+00:00","breadcrumb":{"@id":"https:\/\/bienestarintegrado.com\/en\/trabajo-de-constelaciones-familiares-y-sistemicas\/#breadcrumb"},"inLanguage":"en-US","potentialAction":[{"@type":"ReadAction","target":[["https:\/\/bienestarintegrado.com\/en\/trabajo-de-constelaciones-familiares-y-sistemicas\/"]]}]},{"@type":"ImageObject","inLanguage":"en-US","@id":"https:\/\/bienestarintegrado.com\/en\/trabajo-de-constelaciones-familiares-y-sistemicas\/#primaryimage","url":"https:\/\/bienestarintegrado.com\/wp-content\/uploads\/2017\/08\/family-1721674_1920.jpg","contentUrl":"https:\/\/bienestarintegrado.com\/wp-content\/uploads\/2017\/08\/family-1721674_1920.jpg","width":1920,"height":1440},{"@type":"BreadcrumbList","@id":"https:\/\/bienestarintegrado.com\/en\/trabajo-de-constelaciones-familiares-y-sistemicas\/#breadcrumb","itemListElement":[{"@type":"ListItem","position":1,"name":"Home","item":"https:\/\/bienestarintegrado.com\/en\/"},{"@type":"ListItem","position":2,"name":"Trabajo de Constelaciones Familiares y Sist\u00e9micas."}]},{"@type":"WebSite","@id":"https:\/\/bienestarintegrado.com\/en\/#website","url":"https:\/\/bienestarintegrado.com\/en\/","name":"Bienestar Integrado","description":"Holitic Solutions for Your Wellbeing","publisher":{"@id":"https:\/\/bienestarintegrado.com\/en\/#organization"},"potentialAction":[{"@type":"SearchAction","target":{"@type":"EntryPoint","urlTemplate":"https:\/\/bienestarintegrado.com\/en\/?s={search_term_string}"},"query-input":{"@type":"PropertyValueSpecification","valueRequired":true,"valueName":"search_term_string"}}],"inLanguage":"en-US"},{"@type":"Organization","@id":"https:\/\/bienestarintegrado.com\/en\/#organization","name":"Bienestar Integrado, LLC","url":"https:\/\/bienestarintegrado.com\/en\/","logo":{"@type":"ImageObject","inLanguage":"en-US","@id":"https:\/\/bienestarintegrado.com\/en\/#\/schema\/logo\/image\/","url":"https:\/\/bienestarintegrado.com\/wp-content\/uploads\/2015\/09\/logo.png","contentUrl":"https:\/\/bienestarintegrado.com\/wp-content\/uploads\/2015\/09\/logo.png","width":718,"height":270,"caption":"Bienestar Integrado, LLC"},"image":{"@id":"https:\/\/bienestarintegrado.com\/en\/#\/schema\/logo\/image\/"},"sameAs":["https:\/\/www.facebook.com\/BienestarIntegradoPR\/"]},{"@type":"Person","@id":"https:\/\/bienestarintegrado.com\/#\/schema\/person\/0b8fd773030db4bebadee2b4def8a6e9","name":"Tere Beard","image":{"@type":"ImageObject","inLanguage":"en-US","@id":"https:\/\/secure.gravatar.com\/avatar\/246c4ac6fbff7a1e85738ef9c4a42469f8479d255055a51bf12b000cc341c150?s=96&d=mm&r=g","url":"https:\/\/secure.gravatar.com\/avatar\/246c4ac6fbff7a1e85738ef9c4a42469f8479d255055a51bf12b000cc341c150?s=96&d=mm&r=g","contentUrl":"https:\/\/secure.gravatar.com\/avatar\/246c4ac6fbff7a1e85738ef9c4a42469f8479d255055a51bf12b000cc341c150?s=96&d=mm&r=g","caption":"Tere Beard"},"description":"See Profile Tere Beard is an Industrial Engineer, a Health Coach graduated\u00a0from the Institute for Integrative Nutrition\u00ae (IIN\u00ae) and a certified Pranic Healer from the Pranic Healing Center. She is the author of \"Todo lo malo es bueno\" a\u00a0book to guide you into your evolution","sameAs":["http:\/\/www.terebeard.com","https:\/\/www.facebook.com\/TereHealthCoach\/","https:\/\/www.linkedin.com\/in\/tere-beard-b15b38b?trk=nav_responsive_tab_profile_pic"],"url":"https:\/\/bienestarintegrado.com\/en\/author\/tbeard23\/"}]}},"_links":{"self":[{"href":"https:\/\/bienestarintegrado.com\/en\/wp-json\/wp\/v2\/posts\/2303","targetHints":{"allow":["GET"]}}],"collection":[{"href":"https:\/\/bienestarintegrado.com\/en\/wp-json\/wp\/v2\/posts"}],"about":[{"href":"https:\/\/bienestarintegrado.com\/en\/wp-json\/wp\/v2\/types\/post"}],"author":[{"embeddable":true,"href":"https:\/\/bienestarintegrado.com\/en\/wp-json\/wp\/v2\/users\/2"}],"replies":[{"embeddable":true,"href":"https:\/\/bienestarintegrado.com\/en\/wp-json\/wp\/v2\/comments?post=2303"}],"version-history":[{"count":0,"href":"https:\/\/bienestarintegrado.com\/en\/wp-json\/wp\/v2\/posts\/2303\/revisions"}],"wp:featuredmedia":[{"embeddable":true,"href":"https:\/\/bienestarintegrado.com\/en\/wp-json\/wp\/v2\/media\/2307"}],"wp:attachment":[{"href":"https:\/\/bienestarintegrado.com\/en\/wp-json\/wp\/v2\/media?parent=2303"}],"wp:term":[{"taxonomy":"category","embeddable":true,"href":"https:\/\/bienestarintegrado.com\/en\/wp-json\/wp\/v2\/categories?post=2303"},{"taxonomy":"post_tag","embeddable":true,"href":"https:\/\/bienestarintegrado.com\/en\/wp-json\/wp\/v2\/tags?post=2303"}],"curies":[{"name":"wp","href":"https:\/\/api.w.org\/{rel}","templated":true}]}}