{"id":2120,"date":"2017-07-25T19:00:17","date_gmt":"2017-07-25T23:00:17","guid":{"rendered":"https:\/\/moondoghosting.com\/bienestar\/?p=2120"},"modified":"2018-06-04T16:48:50","modified_gmt":"2018-06-04T20:48:50","slug":"crisis-financiera-parte","status":"publish","type":"post","link":"https:\/\/bienestarintegrado.com\/en\/crisis-financiera-parte\/","title":{"rendered":"Financial Crisis, part 1"},"content":{"rendered":"<div id=\"pl-2120\"  class=\"panel-layout\" ><div id=\"pg-2120-0\"  class=\"panel-grid panel-no-style\" ><div id=\"pgc-2120-0-0\"  class=\"panel-grid-cell\" ><div id=\"panel-2120-0-0-0\" class=\"so-panel widget widget_black-studio-tinymce widget_black_studio_tinymce panel-first-child\" data-index=\"0\" ><div class=\"textwidget\"><p><img loading=\"lazy\" decoding=\"async\" class=\"alignleft wp-image-2121 size-large\" src=\"https:\/\/bienestarintegrado.com\/wp-content\/uploads\/2017\/07\/Mortage-1-1024x682.jpg\" alt=\"\" width=\"1024\" height=\"682\" srcset=\"https:\/\/bienestarintegrado.com\/wp-content\/uploads\/2017\/07\/Mortage-1-1024x682.jpg 1024w, https:\/\/bienestarintegrado.com\/wp-content\/uploads\/2017\/07\/Mortage-1-300x200.jpg 300w, https:\/\/bienestarintegrado.com\/wp-content\/uploads\/2017\/07\/Mortage-1-600x400.jpg 600w, https:\/\/bienestarintegrado.com\/wp-content\/uploads\/2017\/07\/Mortage-1-180x120.jpg 180w, https:\/\/bienestarintegrado.com\/wp-content\/uploads\/2017\/07\/Mortage-1-272x182.jpg 272w, https:\/\/bienestarintegrado.com\/wp-content\/uploads\/2017\/07\/Mortage-1-740x494.jpg 740w, https:\/\/bienestarintegrado.com\/wp-content\/uploads\/2017\/07\/Mortage-1-370x247.jpg 370w, https:\/\/bienestarintegrado.com\/wp-content\/uploads\/2017\/07\/Mortage-1.jpg 1280w\" sizes=\"auto, (max-width: 1024px) 100vw, 1024px\" \/><\/p>\n<\/div><\/div><div id=\"panel-2120-0-0-1\" class=\"so-panel widget widget_black-studio-tinymce widget_black_studio_tinymce panel-last-child\" data-index=\"1\" ><div class=\"textwidget\"><p>Seguimos escuchando noticias de los efectos de la crisis econ\u00f3mica que enfrenta nuestra Isla.\u00a0 El pasado domingo, 23 de julio, la portada principal de El Nuevo D\u00eda le\u00eda, \u201cLa odisea de quedarse sin techo\u201d, noticia en la cual se relataba la historia de\u00a0 Ide y\u00a0 su\u00a0 larga y angustiosa lucha para evitar perder el hogar en el que ha residido por m\u00e1s de 40 a\u00f1os.\u00a0 Su testimonio representa la realidad de miles de familias que est\u00e1n en medio de procesos judiciales y referidos para ejecuci\u00f3n, por no poder pagar sus hipotecas. De acuerdo a este art\u00edculo, la crisis\u00a0 de las ejecuciones hipotecarias continua creciendo a paso r\u00e1pido y\u00a0 no da indicios de disminuir en un futuro cercano, pues hasta la fecha la econom\u00eda tampoco da se\u00f1ales de restablecimiento.<\/p>\n<p>Pudiera abordar esta noticia desde muchos \u00e1ngulos, pero decido preguntarme, ante un panorama tan sombr\u00edo como \u00e9ste, que podemos hacer?<\/p>\n<p>Entonces vienen a mi mente tantas ideas, algunas racionales, otras emocionales y otras simplemente son locuras.\u00a0 Si, pues ante la desesperaci\u00f3n de la p\u00e9rdida de un empleo, deudas que no se pueden cumplir, un gobierno incapaz de gobernar, una sociedad que incita a medir el valor del ser humano a base de sus posesiones materiales, habr\u00e1n muchos que ver\u00e1n como su \u00fanica salida, tomar decisiones que otros considerar\u00edamos una locura.<\/p>\n<p>Sin embargo, me obligo a pensar en soluciones que sean buenas para m\u00ed no s\u00f3lo hoy, sino tambi\u00e9n ma\u00f1ana.\u00a0 Soluciones que tambi\u00e9n le sirvan a otros porque <strong>todos<\/strong> tenemos que ajustarnos a la realidad que estamos viviendo, a esta nueva realidad.<\/p>\n<p>Vuelvo y me pregunto, cu\u00e1ntas de esas personas que han perdido sus hogares o est\u00e1n a punto de hacerlo, se imaginaron que podr\u00edan pasar por \u00a0algo as\u00ed?\u00a0 Supongo que ninguna.<\/p>\n<p>As\u00ed que propongo asumir un rol proactivo no reactivo.\u00a0 No podemos esperar a estarnos ahogando para recordar que no sabemos nadar.\u00a0 Es mejor, desde el principio entrar al agua con el salvavidas puesto.<\/p>\n<p>Aqu\u00ed 10 formas en las que te puedes poner el salvavidas:<\/p>\n<ol>\n<li><em>Utiliza tus recursos econ\u00f3micos de hoy, para tomar acciones financieras que te puedan beneficiar ma\u00f1ana. Ed\u00facate sobre c\u00f3mo maximizar tus ingresos y reducir tus deudas.<\/em><\/li>\n<li><strong><em>Haz un inventario de tus talentos, habilidades y explora si alguno de ellos puede convertirse en una fuente de ingreso adicional. <\/em><\/strong><strong><em>Si una disminuye, tendr\u00e1s otra que seguir\u00e1 generando.<\/em><\/strong><\/li>\n<li><em>Evita el consumismo desmedido. Controla los gastos innecesarios.<\/em><\/li>\n<li><strong><em>Incorpora una disciplina de ahorro. Ahorra un 10% de tu ingresos de forma autom\u00e1tica.<\/em><\/strong><\/li>\n<li><em>Adopta un estilo de vida m\u00e1s simple y si\u00e9ntete bien por ello. Tu valor no depende de tus posesiones.<\/em><\/li>\n<li><strong><em>Cuida tu salud y tu alimentaci\u00f3n. Ejerc\u00edtate. Con salud, ahorras en visitas al m\u00e9dico y medicamentos y tendr\u00e1s energ\u00eda para reinventarte.<\/em><\/strong><\/li>\n<li><em>Crea un fondo de emergencia. Es el dinero de cubrir los \u201cgastos inesperados\u201d.<\/em><\/li>\n<li><strong><em>Comun\u00edcate inmediatamente con los acreedores si tu situaci\u00f3n financiera ha cambiado o cambiar\u00e1. <\/em><\/strong><strong><em>Todo a tiempo, tiene soluci\u00f3n.<\/em><\/strong><\/li>\n<li><em>Internaliza que tu situaci\u00f3n econ\u00f3mica hoy, puede cambiar ma\u00f1ana. No te enajenes a la realidad. Teniendo plena consciencia de lo que sucede a nuestro alrededor, podemos prepararnos mejor.<\/em><\/li>\n<li><strong><em>Cultiva la espiritualidad. Medita, ora, lee cosas que nutran tu esp\u00edritu y te ayuden a ser un mejor ser humano.\u00a0 Se toman mejores decisiones, cuando estamos centrados y confiados en Dios.<\/em><\/strong><\/li>\n<\/ol>\n<p>Esta noticia y todas las dem\u00e1s estad\u00edsticas que se mencionan en la misma, nos obligan a mirar la crisis econ\u00f3mica desde un lente familiar, con el que nos podemos identificar.\u00a0 Nos traslada de la\u00a0 mesa de negociaci\u00f3n de la Junta de Supervisi\u00f3n Fiscal a la mesa de una familia puertorrique\u00f1a que est\u00e1 sufriendo.\u00a0 Y nos expone a la realidad de que es hora de hacer ajustes y tomar el control de nuestras finanzas personales.<\/p>\n<p><a href=\"https:\/\/bienestarintegrado.com\/facilitadores\/carmen-o-figueroa-catala-cpfc-ccfp\/\">Carmen O. Figueroa C\u00e1tala<\/a><br \/>Consejera Financiera<br \/>Strategyx\u00a0<\/p>\n<\/div><\/div><\/div><\/div><\/div>","protected":false},"excerpt":{"rendered":"<p>Seguimos escuchando noticias de los efectos de la crisis econ\u00f3mica que enfrenta nuestra Isla.\u00a0 El pasado domingo, 23 de julio, la portada principal de El Nuevo D\u00eda le\u00eda, \u201cLa odisea de quedarse sin techo\u201d, noticia en la cual se relataba la historia de\u00a0 Ide y\u00a0 su\u00a0 larga y &hellip; <a href=\"https:\/\/bienestarintegrado.com\/en\/crisis-financiera-parte\/\">Read more<\/a><\/p>\n","protected":false},"author":2,"featured_media":2121,"comment_status":"closed","ping_status":"closed","sticky":false,"template":"","format":"standard","meta":{"kt_blocks_editor_width":"","footnotes":""},"categories":[273,125],"tags":[138,139],"class_list":["post-2120","post","type-post","status-publish","format-standard","has-post-thumbnail","hentry","category-blog","category-financiera","tag-crisis-financiera","tag-strategyx"],"yoast_head":"<!-- This site is optimized with the Yoast SEO plugin v27.3 - https:\/\/yoast.com\/product\/yoast-seo-wordpress\/ -->\n<title>Financial Crisis, part 1 | Bienestar Integrado<\/title>\n<meta name=\"robots\" content=\"index, follow, max-snippet:-1, max-image-preview:large, max-video-preview:-1\" \/>\n<link rel=\"canonical\" href=\"https:\/\/bienestarintegrado.com\/en\/crisis-financiera-parte\/\" \/>\n<meta property=\"og:locale\" content=\"en_US\" \/>\n<meta property=\"og:type\" content=\"article\" \/>\n<meta property=\"og:title\" content=\"Financial Crisis, part 1 | Bienestar Integrado\" \/>\n<meta property=\"og:description\" content=\"Seguimos escuchando noticias de los efectos de la crisis econ\u00f3mica que enfrenta nuestra Isla.\u00a0 El pasado domingo, 23 de julio, la portada principal de El Nuevo D\u00eda le\u00eda, \u201cLa odisea de quedarse sin techo\u201d, noticia en la cual se relataba la historia de\u00a0 Ide y\u00a0 su\u00a0 larga y &hellip; Read more\" \/>\n<meta property=\"og:url\" content=\"https:\/\/bienestarintegrado.com\/en\/crisis-financiera-parte\/\" \/>\n<meta property=\"og:site_name\" content=\"Bienestar Integrado\" \/>\n<meta property=\"article:publisher\" content=\"https:\/\/www.facebook.com\/BienestarIntegradoPR\/\" \/>\n<meta property=\"article:author\" content=\"https:\/\/www.facebook.com\/TereHealthCoach\/\" \/>\n<meta property=\"article:published_time\" content=\"2017-07-25T23:00:17+00:00\" \/>\n<meta property=\"article:modified_time\" content=\"2018-06-04T20:48:50+00:00\" \/>\n<meta property=\"og:image\" content=\"https:\/\/bienestarintegrado.com\/wp-content\/uploads\/2017\/07\/Mortage-1.jpg\" \/>\n\t<meta property=\"og:image:width\" content=\"1280\" \/>\n\t<meta property=\"og:image:height\" content=\"853\" \/>\n\t<meta property=\"og:image:type\" content=\"image\/jpeg\" \/>\n<meta name=\"author\" content=\"Tere Beard\" \/>\n<meta name=\"twitter:card\" content=\"summary_large_image\" \/>\n<meta name=\"twitter:label1\" content=\"Written by\" \/>\n\t<meta name=\"twitter:data1\" content=\"Tere Beard\" \/>\n\t<meta name=\"twitter:label2\" content=\"Est. reading time\" \/>\n\t<meta name=\"twitter:data2\" content=\"3 minutes\" \/>\n<script type=\"application\/ld+json\" class=\"yoast-schema-graph\">{\"@context\":\"https:\\\/\\\/schema.org\",\"@graph\":[{\"@type\":\"Article\",\"@id\":\"https:\\\/\\\/bienestarintegrado.com\\\/crisis-financiera-parte\\\/#article\",\"isPartOf\":{\"@id\":\"https:\\\/\\\/bienestarintegrado.com\\\/crisis-financiera-parte\\\/\"},\"author\":{\"name\":\"Tere Beard\",\"@id\":\"https:\\\/\\\/bienestarintegrado.com\\\/#\\\/schema\\\/person\\\/0b8fd773030db4bebadee2b4def8a6e9\"},\"headline\":\"Financial Crisis, part 1\",\"datePublished\":\"2017-07-25T23:00:17+00:00\",\"dateModified\":\"2018-06-04T20:48:50+00:00\",\"mainEntityOfPage\":{\"@id\":\"https:\\\/\\\/bienestarintegrado.com\\\/crisis-financiera-parte\\\/\"},\"wordCount\":675,\"publisher\":{\"@id\":\"https:\\\/\\\/bienestarintegrado.com\\\/#organization\"},\"image\":{\"@id\":\"https:\\\/\\\/bienestarintegrado.com\\\/crisis-financiera-parte\\\/#primaryimage\"},\"thumbnailUrl\":\"https:\\\/\\\/bienestarintegrado.com\\\/wp-content\\\/uploads\\\/2017\\\/07\\\/Mortage-1.jpg\",\"keywords\":[\"crisis financiera\",\"strategyx\"],\"articleSection\":[\"Blog\",\"Financial\"],\"inLanguage\":\"en-US\"},{\"@type\":\"WebPage\",\"@id\":\"https:\\\/\\\/bienestarintegrado.com\\\/en\\\/crisis-financiera-parte\\\/\",\"url\":\"https:\\\/\\\/bienestarintegrado.com\\\/en\\\/crisis-financiera-parte\\\/\",\"name\":\"Financial Crisis, part 1 | Bienestar Integrado\",\"isPartOf\":{\"@id\":\"https:\\\/\\\/bienestarintegrado.com\\\/en\\\/#website\"},\"primaryImageOfPage\":{\"@id\":\"https:\\\/\\\/bienestarintegrado.com\\\/en\\\/crisis-financiera-parte\\\/#primaryimage\"},\"image\":{\"@id\":\"https:\\\/\\\/bienestarintegrado.com\\\/crisis-financiera-parte\\\/#primaryimage\"},\"thumbnailUrl\":\"https:\\\/\\\/bienestarintegrado.com\\\/wp-content\\\/uploads\\\/2017\\\/07\\\/Mortage-1.jpg\",\"datePublished\":\"2017-07-25T23:00:17+00:00\",\"dateModified\":\"2018-06-04T20:48:50+00:00\",\"breadcrumb\":{\"@id\":\"https:\\\/\\\/bienestarintegrado.com\\\/en\\\/crisis-financiera-parte\\\/#breadcrumb\"},\"inLanguage\":\"en-US\",\"potentialAction\":[{\"@type\":\"ReadAction\",\"target\":[[\"https:\\\/\\\/bienestarintegrado.com\\\/en\\\/crisis-financiera-parte\\\/\"]]}]},{\"@type\":\"ImageObject\",\"inLanguage\":\"en-US\",\"@id\":\"https:\\\/\\\/bienestarintegrado.com\\\/en\\\/crisis-financiera-parte\\\/#primaryimage\",\"url\":\"https:\\\/\\\/bienestarintegrado.com\\\/wp-content\\\/uploads\\\/2017\\\/07\\\/Mortage-1.jpg\",\"contentUrl\":\"https:\\\/\\\/bienestarintegrado.com\\\/wp-content\\\/uploads\\\/2017\\\/07\\\/Mortage-1.jpg\",\"width\":1280,\"height\":853},{\"@type\":\"BreadcrumbList\",\"@id\":\"https:\\\/\\\/bienestarintegrado.com\\\/en\\\/crisis-financiera-parte\\\/#breadcrumb\",\"itemListElement\":[{\"@type\":\"ListItem\",\"position\":1,\"name\":\"Home\",\"item\":\"https:\\\/\\\/bienestarintegrado.com\\\/en\\\/\"},{\"@type\":\"ListItem\",\"position\":2,\"name\":\"Crisis Financiera, Parte I\"}]},{\"@type\":\"WebSite\",\"@id\":\"https:\\\/\\\/bienestarintegrado.com\\\/en\\\/#website\",\"url\":\"https:\\\/\\\/bienestarintegrado.com\\\/en\\\/\",\"name\":\"Bienestar Integrado\",\"description\":\"Holitic Solutions for Your Wellbeing\",\"publisher\":{\"@id\":\"https:\\\/\\\/bienestarintegrado.com\\\/en\\\/#organization\"},\"potentialAction\":[{\"@type\":\"SearchAction\",\"target\":{\"@type\":\"EntryPoint\",\"urlTemplate\":\"https:\\\/\\\/bienestarintegrado.com\\\/en\\\/?s={search_term_string}\"},\"query-input\":{\"@type\":\"PropertyValueSpecification\",\"valueRequired\":true,\"valueName\":\"search_term_string\"}}],\"inLanguage\":\"en-US\"},{\"@type\":\"Organization\",\"@id\":\"https:\\\/\\\/bienestarintegrado.com\\\/en\\\/#organization\",\"name\":\"Bienestar Integrado, LLC\",\"url\":\"https:\\\/\\\/bienestarintegrado.com\\\/en\\\/\",\"logo\":{\"@type\":\"ImageObject\",\"inLanguage\":\"en-US\",\"@id\":\"https:\\\/\\\/bienestarintegrado.com\\\/en\\\/#\\\/schema\\\/logo\\\/image\\\/\",\"url\":\"https:\\\/\\\/bienestarintegrado.com\\\/wp-content\\\/uploads\\\/2015\\\/09\\\/logo.png\",\"contentUrl\":\"https:\\\/\\\/bienestarintegrado.com\\\/wp-content\\\/uploads\\\/2015\\\/09\\\/logo.png\",\"width\":718,\"height\":270,\"caption\":\"Bienestar Integrado, LLC\"},\"image\":{\"@id\":\"https:\\\/\\\/bienestarintegrado.com\\\/en\\\/#\\\/schema\\\/logo\\\/image\\\/\"},\"sameAs\":[\"https:\\\/\\\/www.facebook.com\\\/BienestarIntegradoPR\\\/\"]},{\"@type\":\"Person\",\"@id\":\"https:\\\/\\\/bienestarintegrado.com\\\/#\\\/schema\\\/person\\\/0b8fd773030db4bebadee2b4def8a6e9\",\"name\":\"Tere Beard\",\"image\":{\"@type\":\"ImageObject\",\"inLanguage\":\"en-US\",\"@id\":\"https:\\\/\\\/secure.gravatar.com\\\/avatar\\\/246c4ac6fbff7a1e85738ef9c4a42469f8479d255055a51bf12b000cc341c150?s=96&d=mm&r=g\",\"url\":\"https:\\\/\\\/secure.gravatar.com\\\/avatar\\\/246c4ac6fbff7a1e85738ef9c4a42469f8479d255055a51bf12b000cc341c150?s=96&d=mm&r=g\",\"contentUrl\":\"https:\\\/\\\/secure.gravatar.com\\\/avatar\\\/246c4ac6fbff7a1e85738ef9c4a42469f8479d255055a51bf12b000cc341c150?s=96&d=mm&r=g\",\"caption\":\"Tere Beard\"},\"description\":\"See Profile Tere Beard is an Industrial Engineer, a Health Coach graduated\u00a0from the Institute for Integrative Nutrition\u00ae (IIN\u00ae) and a certified Pranic Healer from the Pranic Healing Center. She is the author of \\\"Todo lo malo es bueno\\\" a\u00a0book to guide you into your evolution\",\"sameAs\":[\"http:\\\/\\\/www.terebeard.com\",\"https:\\\/\\\/www.facebook.com\\\/TereHealthCoach\\\/\",\"https:\\\/\\\/www.linkedin.com\\\/in\\\/tere-beard-b15b38b?trk=nav_responsive_tab_profile_pic\"],\"url\":\"https:\\\/\\\/bienestarintegrado.com\\\/en\\\/author\\\/tbeard23\\\/\"}]}<\/script>\n<!-- \/ Yoast SEO plugin. -->","yoast_head_json":{"title":"Financial Crisis, part 1 | Bienestar Integrado","robots":{"index":"index","follow":"follow","max-snippet":"max-snippet:-1","max-image-preview":"max-image-preview:large","max-video-preview":"max-video-preview:-1"},"canonical":"https:\/\/bienestarintegrado.com\/en\/crisis-financiera-parte\/","og_locale":"en_US","og_type":"article","og_title":"Financial Crisis, part 1 | Bienestar Integrado","og_description":"Seguimos escuchando noticias de los efectos de la crisis econ\u00f3mica que enfrenta nuestra Isla.\u00a0 El pasado domingo, 23 de julio, la portada principal de El Nuevo D\u00eda le\u00eda, \u201cLa odisea de quedarse sin techo\u201d, noticia en la cual se relataba la historia de\u00a0 Ide y\u00a0 su\u00a0 larga y &hellip; Read more","og_url":"https:\/\/bienestarintegrado.com\/en\/crisis-financiera-parte\/","og_site_name":"Bienestar Integrado","article_publisher":"https:\/\/www.facebook.com\/BienestarIntegradoPR\/","article_author":"https:\/\/www.facebook.com\/TereHealthCoach\/","article_published_time":"2017-07-25T23:00:17+00:00","article_modified_time":"2018-06-04T20:48:50+00:00","og_image":[{"width":1280,"height":853,"url":"https:\/\/bienestarintegrado.com\/wp-content\/uploads\/2017\/07\/Mortage-1.jpg","type":"image\/jpeg"}],"author":"Tere Beard","twitter_card":"summary_large_image","twitter_misc":{"Written by":"Tere Beard","Est. reading time":"3 minutes"},"schema":{"@context":"https:\/\/schema.org","@graph":[{"@type":"Article","@id":"https:\/\/bienestarintegrado.com\/crisis-financiera-parte\/#article","isPartOf":{"@id":"https:\/\/bienestarintegrado.com\/crisis-financiera-parte\/"},"author":{"name":"Tere Beard","@id":"https:\/\/bienestarintegrado.com\/#\/schema\/person\/0b8fd773030db4bebadee2b4def8a6e9"},"headline":"Financial Crisis, part 1","datePublished":"2017-07-25T23:00:17+00:00","dateModified":"2018-06-04T20:48:50+00:00","mainEntityOfPage":{"@id":"https:\/\/bienestarintegrado.com\/crisis-financiera-parte\/"},"wordCount":675,"publisher":{"@id":"https:\/\/bienestarintegrado.com\/#organization"},"image":{"@id":"https:\/\/bienestarintegrado.com\/crisis-financiera-parte\/#primaryimage"},"thumbnailUrl":"https:\/\/bienestarintegrado.com\/wp-content\/uploads\/2017\/07\/Mortage-1.jpg","keywords":["crisis financiera","strategyx"],"articleSection":["Blog","Financial"],"inLanguage":"en-US"},{"@type":"WebPage","@id":"https:\/\/bienestarintegrado.com\/en\/crisis-financiera-parte\/","url":"https:\/\/bienestarintegrado.com\/en\/crisis-financiera-parte\/","name":"Financial Crisis, part 1 | Bienestar Integrado","isPartOf":{"@id":"https:\/\/bienestarintegrado.com\/en\/#website"},"primaryImageOfPage":{"@id":"https:\/\/bienestarintegrado.com\/en\/crisis-financiera-parte\/#primaryimage"},"image":{"@id":"https:\/\/bienestarintegrado.com\/crisis-financiera-parte\/#primaryimage"},"thumbnailUrl":"https:\/\/bienestarintegrado.com\/wp-content\/uploads\/2017\/07\/Mortage-1.jpg","datePublished":"2017-07-25T23:00:17+00:00","dateModified":"2018-06-04T20:48:50+00:00","breadcrumb":{"@id":"https:\/\/bienestarintegrado.com\/en\/crisis-financiera-parte\/#breadcrumb"},"inLanguage":"en-US","potentialAction":[{"@type":"ReadAction","target":[["https:\/\/bienestarintegrado.com\/en\/crisis-financiera-parte\/"]]}]},{"@type":"ImageObject","inLanguage":"en-US","@id":"https:\/\/bienestarintegrado.com\/en\/crisis-financiera-parte\/#primaryimage","url":"https:\/\/bienestarintegrado.com\/wp-content\/uploads\/2017\/07\/Mortage-1.jpg","contentUrl":"https:\/\/bienestarintegrado.com\/wp-content\/uploads\/2017\/07\/Mortage-1.jpg","width":1280,"height":853},{"@type":"BreadcrumbList","@id":"https:\/\/bienestarintegrado.com\/en\/crisis-financiera-parte\/#breadcrumb","itemListElement":[{"@type":"ListItem","position":1,"name":"Home","item":"https:\/\/bienestarintegrado.com\/en\/"},{"@type":"ListItem","position":2,"name":"Crisis Financiera, Parte I"}]},{"@type":"WebSite","@id":"https:\/\/bienestarintegrado.com\/en\/#website","url":"https:\/\/bienestarintegrado.com\/en\/","name":"Bienestar Integrado","description":"Holitic Solutions for Your Wellbeing","publisher":{"@id":"https:\/\/bienestarintegrado.com\/en\/#organization"},"potentialAction":[{"@type":"SearchAction","target":{"@type":"EntryPoint","urlTemplate":"https:\/\/bienestarintegrado.com\/en\/?s={search_term_string}"},"query-input":{"@type":"PropertyValueSpecification","valueRequired":true,"valueName":"search_term_string"}}],"inLanguage":"en-US"},{"@type":"Organization","@id":"https:\/\/bienestarintegrado.com\/en\/#organization","name":"Bienestar Integrado, LLC","url":"https:\/\/bienestarintegrado.com\/en\/","logo":{"@type":"ImageObject","inLanguage":"en-US","@id":"https:\/\/bienestarintegrado.com\/en\/#\/schema\/logo\/image\/","url":"https:\/\/bienestarintegrado.com\/wp-content\/uploads\/2015\/09\/logo.png","contentUrl":"https:\/\/bienestarintegrado.com\/wp-content\/uploads\/2015\/09\/logo.png","width":718,"height":270,"caption":"Bienestar Integrado, LLC"},"image":{"@id":"https:\/\/bienestarintegrado.com\/en\/#\/schema\/logo\/image\/"},"sameAs":["https:\/\/www.facebook.com\/BienestarIntegradoPR\/"]},{"@type":"Person","@id":"https:\/\/bienestarintegrado.com\/#\/schema\/person\/0b8fd773030db4bebadee2b4def8a6e9","name":"Tere Beard","image":{"@type":"ImageObject","inLanguage":"en-US","@id":"https:\/\/secure.gravatar.com\/avatar\/246c4ac6fbff7a1e85738ef9c4a42469f8479d255055a51bf12b000cc341c150?s=96&d=mm&r=g","url":"https:\/\/secure.gravatar.com\/avatar\/246c4ac6fbff7a1e85738ef9c4a42469f8479d255055a51bf12b000cc341c150?s=96&d=mm&r=g","contentUrl":"https:\/\/secure.gravatar.com\/avatar\/246c4ac6fbff7a1e85738ef9c4a42469f8479d255055a51bf12b000cc341c150?s=96&d=mm&r=g","caption":"Tere Beard"},"description":"See Profile Tere Beard is an Industrial Engineer, a Health Coach graduated\u00a0from the Institute for Integrative Nutrition\u00ae (IIN\u00ae) and a certified Pranic Healer from the Pranic Healing Center. She is the author of \"Todo lo malo es bueno\" a\u00a0book to guide you into your evolution","sameAs":["http:\/\/www.terebeard.com","https:\/\/www.facebook.com\/TereHealthCoach\/","https:\/\/www.linkedin.com\/in\/tere-beard-b15b38b?trk=nav_responsive_tab_profile_pic"],"url":"https:\/\/bienestarintegrado.com\/en\/author\/tbeard23\/"}]}},"_links":{"self":[{"href":"https:\/\/bienestarintegrado.com\/en\/wp-json\/wp\/v2\/posts\/2120","targetHints":{"allow":["GET"]}}],"collection":[{"href":"https:\/\/bienestarintegrado.com\/en\/wp-json\/wp\/v2\/posts"}],"about":[{"href":"https:\/\/bienestarintegrado.com\/en\/wp-json\/wp\/v2\/types\/post"}],"author":[{"embeddable":true,"href":"https:\/\/bienestarintegrado.com\/en\/wp-json\/wp\/v2\/users\/2"}],"replies":[{"embeddable":true,"href":"https:\/\/bienestarintegrado.com\/en\/wp-json\/wp\/v2\/comments?post=2120"}],"version-history":[{"count":0,"href":"https:\/\/bienestarintegrado.com\/en\/wp-json\/wp\/v2\/posts\/2120\/revisions"}],"wp:featuredmedia":[{"embeddable":true,"href":"https:\/\/bienestarintegrado.com\/en\/wp-json\/wp\/v2\/media\/2121"}],"wp:attachment":[{"href":"https:\/\/bienestarintegrado.com\/en\/wp-json\/wp\/v2\/media?parent=2120"}],"wp:term":[{"taxonomy":"category","embeddable":true,"href":"https:\/\/bienestarintegrado.com\/en\/wp-json\/wp\/v2\/categories?post=2120"},{"taxonomy":"post_tag","embeddable":true,"href":"https:\/\/bienestarintegrado.com\/en\/wp-json\/wp\/v2\/tags?post=2120"}],"curies":[{"name":"wp","href":"https:\/\/api.w.org\/{rel}","templated":true}]}}